{"id":768,"date":"2020-10-15T13:48:12","date_gmt":"2020-10-15T11:48:12","guid":{"rendered":"https:\/\/www.educaciondeadultosprocesosformativos.cl\/revista\/?p=768"},"modified":"2020-10-15T13:48:16","modified_gmt":"2020-10-15T11:48:16","slug":"que-me-dejo-ser-maestro-rural-experiencias-de-jovenes-en-mexico","status":"publish","type":"post","link":"https:\/\/www.educaciondeadultosprocesosformativos.cl\/revista\/2020\/10\/15\/que-me-dejo-ser-maestro-rural-experiencias-de-jovenes-en-mexico\/","title":{"rendered":"\u00bfQu\u00e9 me dej\u00f3 ser maestro rural? Experiencias de j\u00f3venes en M\u00e9xico"},"content":{"rendered":"[et_pb_section fb_built=&#8221;1&#8243; _builder_version=&#8221;3.24.1&#8243; custom_padding=&#8221;0px||0px|||&#8221; global_module=&#8221;278&#8243; saved_tabs=&#8221;all&#8221;][et_pb_row _builder_version=&#8221;4.0.9&#8243;][et_pb_column type=&#8221;4_4&#8243; _builder_version=&#8221;4.0.9&#8243;][et_pb_image src=&#8221;https:\/\/www.educaciondeadultosprocesosformativos.cl\/revista\/wp-content\/uploads\/2019\/12\/banner-1-1024&#215;384.jpg&#8221; _builder_version=&#8221;4.0.11&#8243;][\/et_pb_image][\/et_pb_column][\/et_pb_row][et_pb_row _builder_version=&#8221;4.0.11&#8243;][et_pb_column type=&#8221;4_4&#8243; _builder_version=&#8221;4.0.11&#8243;][\/et_pb_column][\/et_pb_row][\/et_pb_section][et_pb_section fb_built=&#8221;1&#8243; _builder_version=&#8221;3.24&#8243; custom_padding=&#8221;3px||1px|||&#8221;][et_pb_row _builder_version=&#8221;3.25&#8243; custom_padding=&#8221;||0px|||&#8221;][et_pb_column type=&#8221;4_4&#8243; _builder_version=&#8221;3.25&#8243; custom_padding=&#8221;|||&#8221; custom_padding__hover=&#8221;|||&#8221;][et_pb_text admin_label=&#8221;T\u00edtulo en espa\u00f1ol&#8221; _builder_version=&#8221;4.0.11&#8243; header_font=&#8221;||||||||&#8221; header_2_font=&#8221;||||||||&#8221; header_2_font_size=&#8221;33px&#8221; hover_enabled=&#8221;0&#8243;]\n<h2>\u00bfQu\u00e9 me dej\u00f3 ser maestro rural? Experiencias de j\u00f3venes en M\u00e9xico<\/h2>\n[\/et_pb_text][\/et_pb_column][\/et_pb_row][\/et_pb_section][et_pb_section fb_built=&#8221;1&#8243; _builder_version=&#8221;3.24&#8243; custom_padding=&#8221;3px||0px|||&#8221;][et_pb_row _builder_version=&#8221;3.25&#8243;][et_pb_column type=&#8221;4_4&#8243; _builder_version=&#8221;3.25&#8243; custom_padding=&#8221;|||&#8221; custom_padding__hover=&#8221;|||&#8221;][et_pb_text admin_label=&#8221;T\u00edtulo en ingl\u00e9s&#8221; _builder_version=&#8221;4.0.11&#8243; hover_enabled=&#8221;0&#8243;]\n<h3>What let me be a rural teacher? Youth experiences in Mexico<\/h3>\n[\/et_pb_text][\/et_pb_column][\/et_pb_row][\/et_pb_section][et_pb_section fb_built=&#8221;1&#8243; _builder_version=&#8221;3.24&#8243; custom_padding=&#8221;0px||0px|||&#8221;][et_pb_row _builder_version=&#8221;3.25&#8243; column_structure=&#8221;1_2,1_2&#8243;][et_pb_column type=&#8221;1_2&#8243; _builder_version=&#8221;3.25&#8243; custom_padding=&#8221;|||&#8221; custom_padding__hover=&#8221;|||&#8221;][et_pb_text admin_label=&#8221;Autor\u00eda y filiaci\u00f3n&#8221; _builder_version=&#8221;4.0.11&#8243; hover_enabled=&#8221;0&#8243;]\n<p><strong>Diego Ju\u00e1rez Bola\u00f1os<\/strong><br \/>Universidad Iberoamericana Ciudad de M\u00e9xico<br \/><a href=\"mailto:diego.juarez@ibero.mx\">diego.juarez@ibero.mx<\/a><\/p>\n<p>Doctor en Ciencias Sociales en el \u00c1rea de Estudios Rurales, Instituto de Investigaciones para el Desarrollo de la Educaci\u00f3n de la Universidad Iberoamericana Ciudad de M\u00e9xico.<\/p>\n[\/et_pb_text][\/et_pb_column][et_pb_column type=&#8221;1_2&#8243; _builder_version=&#8221;3.25&#8243; custom_padding=&#8221;|||&#8221; custom_padding__hover=&#8221;|||&#8221;][et_pb_text admin_label=&#8221;Descarga PDF&#8221; _builder_version=&#8221;4.0.11&#8243; hover_enabled=&#8221;0&#8243;]\n<h3>Descarga este art\u00edculo<\/h3>\n<p><a href=\"https:\/\/www.educaciondeadultosprocesosformativos.cl\/revista\/wp-content\/uploads\/2020\/10\/Texto-2.-Diego-Juarez-M\u00e9xico.pdf\" target=\"_blank\" rel=\"noopener noreferrer\"><strong>Descarga aqu\u00ed esta publicaci\u00f3n<\/strong><\/a> (formato pdf, 637 KB)<\/p>\n[\/et_pb_text][\/et_pb_column][\/et_pb_row][\/et_pb_section][et_pb_section fb_built=&#8221;1&#8243; _builder_version=&#8221;3.24&#8243; custom_padding=&#8221;0px||0px|||&#8221;][et_pb_row _builder_version=&#8221;3.25&#8243; custom_padding=&#8221;||0px|||&#8221;][et_pb_column type=&#8221;4_4&#8243; _builder_version=&#8221;3.25&#8243; custom_padding=&#8221;|||&#8221; custom_padding__hover=&#8221;|||&#8221;][et_pb_text admin_label=&#8221;Resumen&#8221; _builder_version=&#8221;4.0.11&#8243; hover_enabled=&#8221;0&#8243;]\n<h3><strong>Resumen<\/strong><\/h3>\n<p>A inicios de la d\u00e9cada de 1970 el Estado mexicano cre\u00f3 un programa para ampliar la cobertura educativa en las peque\u00f1as localidades rurales, la mayor\u00eda dispersas y de dif\u00edcil acceso, sitios donde nunca hab\u00eda existido alg\u00fan servicio escolar. El Consejo Nacional de Fomento Educativo (CONAFE) fue creado para tal fin y desde su origen trabaja por medio de adolescentes y j\u00f3venes egresados de secundarias y bachilleratos, quienes realizan su servicio social como figuras educativas. El objetivo del presente art\u00edculo es examinar las experiencias de j\u00f3venes que fungieron maestros del CONAFE para saber qu\u00e9 les dej\u00f3 tal experiencia en sus vidas. El presente es un estudio cualitativo, los datos provienen de diez entrevistas realizadas a igual n\u00famero de personas. Entre los hallazgos del art\u00edculo se encuentra que ante la estigmatizaci\u00f3n sobre la juventud, la experiencia de los LEC muestra otra potencia de los j\u00f3venes, adem\u00e1s que sus trayectorias seguidas en el CONAFE se alejan de lo que establecen los lineamientos oficiales y los j\u00f3venes tienden a exceder el tiempo establecido por el programa. Las ideas de los informantes aportan interesantes ideas para fortalecer los programas ofertados por Consejo, en relaci\u00f3n con los apoyos recibidos durante sus a\u00f1os de servicio, a la pertinencia del modelo educativo utilizado en las escuelas, entre otros.<\/p>\n<p>&nbsp;<\/p>\n[\/et_pb_text][\/et_pb_column][\/et_pb_row][\/et_pb_section][et_pb_section fb_built=&#8221;1&#8243; _builder_version=&#8221;3.24&#8243; custom_padding=&#8221;0px||0px|||&#8221;][et_pb_row _builder_version=&#8221;3.25&#8243;][et_pb_column type=&#8221;4_4&#8243; _builder_version=&#8221;3.25&#8243; custom_padding=&#8221;|||&#8221; custom_padding__hover=&#8221;|||&#8221;][et_pb_text admin_label=&#8221;Palabras clave&#8221; _builder_version=&#8221;4.0.11&#8243; hover_enabled=&#8221;0&#8243;]\n<h3>Palabras clave<\/h3>\n<p>\u200bmaestro rural, educaci\u00f3n rural, juventud, M\u00e9xico, CONAFE<\/p>\n[\/et_pb_text][\/et_pb_column][\/et_pb_row][\/et_pb_section][et_pb_section fb_built=&#8221;1&#8243; _builder_version=&#8221;3.24&#8243; custom_padding=&#8221;0px||0px|||&#8221;][et_pb_row _builder_version=&#8221;3.25&#8243; custom_padding=&#8221;||0px|||&#8221;][et_pb_column type=&#8221;4_4&#8243; _builder_version=&#8221;3.25&#8243; custom_padding=&#8221;|||&#8221; custom_padding__hover=&#8221;|||&#8221;][et_pb_text admin_label=&#8221;Abstract&#8221; _builder_version=&#8221;4.0.11&#8243; hover_enabled=&#8221;0&#8243;]\n<h3><strong>Abstract<\/strong><\/h3>\n<p>In the early 1970s, the Mexican State created a program to expand educational coverage in small rural localities, most of them scattered and difficult to access, places where there had never been any school service. The National Council for Educational Development (CONAFE) was created for this purpose and since its inception it has worked through adolescents and young graduates from secondary and high school, who carry out their social service as educational figures. The objective of this article is to examine the experiences of young people who served as CONAFE teachers to find out what that experience left them in their lives. This is a qualitative study, the data comes from ten interviews carried out with the same number of people. Among the findings of the article is that in the face of the stigmatization of youth, the experience of the LEC shows another power of young people, in addition that their trajectories followed in CONAFE are far from what the official guidelines establish and young people tend to exceed the time established by the program. The ideas of the informants provide interesting ideas to strengthen the programs offered by the Council, in relation to the support received during their years of service, the relevance of the educational model used in schools, among others.<\/p>\n<p>&nbsp;<\/p>\n<p>&nbsp;<\/p>\n[\/et_pb_text][\/et_pb_column][\/et_pb_row][\/et_pb_section][et_pb_section fb_built=&#8221;1&#8243; _builder_version=&#8221;3.24&#8243; custom_padding=&#8221;0px||0px|||&#8221;][et_pb_row _builder_version=&#8221;3.25&#8243; custom_padding=&#8221;||5px|||&#8221;][et_pb_column type=&#8221;4_4&#8243; _builder_version=&#8221;3.25&#8243; custom_padding=&#8221;|||&#8221; custom_padding__hover=&#8221;|||&#8221;][et_pb_text admin_label=&#8221;Keywords&#8221; _builder_version=&#8221;4.0.11&#8243; hover_enabled=&#8221;0&#8243;]\n<h3>Keywords<\/h3>\n<p><em>rural school teachers, rural education, youth, M\u00e9xico, CONAFE.<\/em><\/p>\n[\/et_pb_text][\/et_pb_column][\/et_pb_row][\/et_pb_section][et_pb_section fb_built=&#8221;1&#8243; _builder_version=&#8221;3.24&#8243; custom_padding=&#8221;0px||0px|||&#8221;][et_pb_row _builder_version=&#8221;3.25&#8243; min_height=&#8221;156px&#8221; custom_padding=&#8221;||0px|||&#8221;][et_pb_column type=&#8221;4_4&#8243; _builder_version=&#8221;3.25&#8243; custom_padding=&#8221;|||&#8221; custom_padding__hover=&#8221;|||&#8221;][et_pb_text admin_label=&#8221;Recepci\u00f3n y aceptaci\u00f3n&#8221; _builder_version=&#8221;4.0.11&#8243; hover_enabled=&#8221;0&#8243;]\n<h3>Recepci\u00f3n<\/h3>\n<p>28 de junio 2020.<\/p>\n<h3>Aceptaci\u00f3n<\/h3>\n<p>30 de julio 2020.<\/p>\n[\/et_pb_text][\/et_pb_column][\/et_pb_row][\/et_pb_section][et_pb_section fb_built=&#8221;1&#8243; _builder_version=&#8221;3.24&#8243; custom_padding=&#8221;0px||0px|||&#8221;][et_pb_row _builder_version=&#8221;3.25&#8243; custom_padding=&#8221;||0px|||&#8221;][et_pb_column type=&#8221;4_4&#8243; _builder_version=&#8221;3.25&#8243; custom_padding=&#8221;|||&#8221; custom_padding__hover=&#8221;|||&#8221;][et_pb_text admin_label=&#8221;Cuerpo de la publicaci\u00f3n&#8221; _builder_version=&#8221;4.0.11&#8243; hover_enabled=&#8221;0&#8243;]\n<h4><strong>Introducci\u00f3n<\/strong><\/h4>\n<p>El Consejo Nacional de Fomento Educativo (CONAFE) fue creado como un \u00f3rgano descentralizado del gobierno mexicano en 1971 con el fin de ampliar la cobertura de la educaci\u00f3n b\u00e1sica en poblaciones mestizas e ind\u00edgenas rurales aisladas y dispersas, en las que nunca hab\u00edan existido planteles educativos. En la actualidad ofrece servicios de nivel b\u00e1sico (preescolar, primaria y secundaria<a href=\"#_ftn1\" name=\"_ftnref1\">[1]<\/a>) a trav\u00e9s de casi 32 mil escuelas donde se re\u00fanen entre 5 y 29 alumnos. En el ciclo escolar 2018-2019 atend\u00eda a poco m\u00e1s de 313 mil estudiantes en todo el pa\u00eds, con excepci\u00f3n de la ciudad capital (DOF, 2019). Al ser un programa federal, los gobiernos estatales pr\u00e1cticamente no tienen injerencia operativa ni otorgan apoyos econ\u00f3micos al Consejo.<\/p>\n<p>Las escuelas funcionan gracias a j\u00f3venes egresados de secundaria y bachillerato, llamados L\u00edderes de Educaci\u00f3n Comunitaria (LEC), quienes llevan a cabo al menos un a\u00f1o de servicio social impartiendo clases y radicando en los sitios donde laboran; 48% de las localidades donde se ubican las escuelas comunitarias cuentan con menos de 100 habitantes y 45% entre 100 y 499 pobladores (L\u00f3pez, 2019, p. 143). En contraprestaci\u00f3n al servicio social realizado, cuando lo concluyen los j\u00f3venes reciben una beca que les permite seguir estudiando la educaci\u00f3n media o superior.<\/p>\n<p>El CONAFE cuenta con una estructura de personal permanente peque\u00f1a: \u201cPara su formaci\u00f3n, asesor\u00eda y seguimiento [de los LEC] se ha creado una estructura operativa por \u00e1mbito regional tambi\u00e9n de j\u00f3venes con mayor experiencia o mayor grado de estudios, que dependen de un escaso equipo t\u00e9cnico estatal\u201d (L\u00f3pez, 2019, p. 150). De esta manera, los prestadores de servicios sociales educativos son: los Asistentes Educativos (AE), los cuales tienen una cobertura regional y los Capacitadores Tutores (CT), quienes apoyan en los procesos de capacitaci\u00f3n inicial y continua a un grupo asignado de L\u00edderes (entre 10 y 15), adem\u00e1s de acompa\u00f1arlos mediante visitas a las escuelas y localidades; tanto los AE como los CT deben tener experiencia de, al menos, un a\u00f1o de servicio social como LEC. De acuerdo con CONAFE: \u201c(\u2026) las figuras educativas constituyen el voluntariado educativo m\u00e1s grande del mundo, con casi 70 mil personas\u201d (https:\/\/www.gob.mx\/conafe ).\u00a0<\/p>\n<p>La participaci\u00f3n de los habitantes de las localidades es central en el funcionamiento de la educaci\u00f3n comunitaria, ya que son las madres y padres de familia quienes otorgan los alimentos y el hospedaje a los LEC durante su permanencia en las poblaciones. Adem\u00e1s, se encargan de dar mantenimiento a la infraestructura escolar (y en muchas ocasiones de construir los planteles), adem\u00e1s de transportar los materiales, equipamiento, libros y \u00fatiles escolares desde las cabeceras municipales hacia las escuelas, entre otras tareas.<\/p>\n<p>Los estudios referentes a la educaci\u00f3n que imparte CONAFE son escasas dentro de una tem\u00e1tica de por s\u00ed poco abordada en la literatura acad\u00e9mica, tal como es la educaci\u00f3n rural multigrado. El desinter\u00e9s por los investigadores hacia la educaci\u00f3n comunitaria podr\u00eda deberse a varias razones: su tama\u00f1o relativamente peque\u00f1o (como se ha mencionado, el sistema atiende a poco m\u00e1s de 300 mil alumnos) o las caracter\u00edsticas de marginaci\u00f3n (83.6% de las escuelas de CONAFE se ubican en localidades de alta y muy alta marginaci\u00f3n social -L\u00f3pez, 2019-), aislamiento (58.6% de los planteles se encuentran en localidades aisladas, definidas de manera oficial como sitios ubicados a m\u00e1s de 5 kil\u00f3metros de una ciudad, a m\u00e1s de 2.5 km de una localidad mixta y a m\u00e1s de 3 km de una carretera \u2013 <em>op cit.,<\/em> 2019-) y dispersi\u00f3n de las localidades donde se ubican las escuelas.<\/p>\n<p>El existir fuera de los reflectores de los medios acad\u00e9micos y de comunicaci\u00f3n, sumado a la independencia organizativa que goza, ha permitido al CONAFE experimentar y crear modelos y acciones educativas que no habr\u00edan podido desarrollarse en las escuelas atendidas por docentes profesionales en los planteles de la Secretar\u00eda de Educaci\u00f3n P\u00fablica (SEP). En \u00e9stas \u00faltimas, debido a su dimensi\u00f3n (El sistema educativo mexicano es el tercero m\u00e1s grande del continente americano, solo detr\u00e1s de Estados Unidos y Brasil, ya que atiende a alrededor de 25 millones de estudiantes a trav\u00e9s de 230 mil escuelas de nivel b\u00e1sico -UNICEF, 2019-), diversidad de actores involucrados (maestros, directores, supervisores, jefes de sector, autoridades educativas, l\u00edderes sindicales, proveedores de insumos, etc.) y multiplicidad intereses existentes, hacen que los cambios o novedades sean complejos para ser propuestos e implementados.\u00a0<\/p>\n<p>Todas las escuelas del Consejo son multigrado, es decir, los docentes<a href=\"#_ftn2\" name=\"_ftnref2\">[2]<\/a> atienden a m\u00e1s de un grado escolar en el mismo tiempo y espacio. Para ello, CONAFE ha desarrollado dos de los pocos modelos y materiales educativos espec\u00edficos para multigrado dise\u00f1ados en Am\u00e9rica Latina e implementados a gran escala: Dialogar y Descubrir, el cual se implement\u00f3 desde la d\u00e9cada de 1980 hasta el a\u00f1o 2016; y el Modelo ABCD- Aprendizaje Basado en la Colaboraci\u00f3n y el Di\u00e1logo, utilizado en las escuelas desde el a\u00f1o 2106 hasta la actualidad.<\/p>\n<p>Las publicaciones acad\u00e9micas sobre CONAFE se han centrado en el desarrollo de la educaci\u00f3n comunitaria, los resultados en los aprendizajes en los estudiantes, las condiciones de prestaci\u00f3n de los servicios y las relaciones entre las escuelas y los habitantes de las comunidades (L\u00f3pez, 2019; INEE, 2018; Ju\u00e1rez &amp; Lara, 2018a y 2018b; Lara &amp; Ju\u00e1rez, 2018; Mej\u00eda &amp; Mart\u00edn del Campo, 2016; Urrutia, 2014). Sin embargo, no localizamos estudios ni literatura focalizados en los becarios del Consejo. Es decir, en los j\u00f3venes que una vez que concluyen su servicio social contin\u00faan sus estudios con la beca que les otorga el CONAFE.<\/p>\n<p>Es as\u00ed como los objetivos del presente art\u00edculo son, por una parte, examinar las trayectorias de j\u00f3venes que fungieron como docentes del CONAFE para saber qu\u00e9 les dej\u00f3 tal experiencia en sus trayectorias hacia la vida adulta. Por otra, conocer c\u00f3mo las experiencias e ideas de los j\u00f3venes constituyen una fuente de informaci\u00f3n (hasta ahora desde\u00f1ada) para fortalecer los servicios educativos que ofrece esa instituci\u00f3n.<\/p>\n<p>Entenderemos a las trayectorias como los \u201ccambios socioculturales a partir del modo en que las personas construyen sus etapas vitales\u201d (D\u00e1vila &amp; Ghiardo, 2018, p. 32). En este caso, partiremos que la experiencia de los j\u00f3venes en CONAFE fue una etapa vital en sus trayectorias.<\/p>\n<p>Creemos que es pertinente centrar la mirada hacia los j\u00f3venes en contextos de las sociedades latinoamericanas donde prevalecen la inestablidad y la precariedad de las oportunidades educativas y laborales, fen\u00f3menos acrecentados para los habitantes de los territorios rurales.<\/p>\n<p>El art\u00edculo se divide en tres partes. En la primera realizamos una descripci\u00f3n metodol\u00f3gica de la forma que se obtuvo la informaci\u00f3n. Posteriormente, examinaremos los principales resultados, para culminar mediante un apartado de reflexiones.<\/p>\n<h4><strong>Metodolog\u00eda <\/strong><\/h4>\n<p>Los datos que alimentan el presente estudio provienen de diez entrevistas semiestructuradas realizadas a personas de los Estados de Veracruz, San Luis Potos\u00ed y Oaxaca. \u00c9stas se realizaron durante el mes de julio del a\u00f1o 2020 a trav\u00e9s de medios electr\u00f3nicos (llamada telef\u00f3nica, Whatsapp y Zoom), debido a que las condiciones de confinamiento social por el COVID-19 no permiten realizar desplazamientos f\u00edsicos por el pa\u00eds.<\/p>\n<p>Los informantes fueron identificados en San Luis Potos\u00ed a trav\u00e9s de una red social, espec\u00edficamente por medio de un grupo en Facebook llamado \u201cex Conafistas\u201d; en el caso de las otras dos entidades, se localizaron a los entrevistados a trav\u00e9s de contactos que han laborado en esa instituci\u00f3n. La siguiente Tabla resume los datos generales de quienes que participaron en el estudio.<\/p>\n<h6><strong>Tabla 1<\/strong><\/h6>\n<p><em>Perfil de los entrevistados<\/em><\/p>\n<table>\n<tbody>\n<tr>\n<td width=\"92\">\n<p>Alias<\/p>\n<\/td>\n<td width=\"50\">\n<p>Edad<\/p>\n<\/td>\n<td width=\"84\">\n<p>Sexo\/Etnia<\/p>\n<\/td>\n<td width=\"81\">\n<p>Estado de residencia<\/p>\n<\/td>\n<td width=\"121\">\n<p>Nivel de estudios<\/p>\n<\/td>\n<td width=\"92\">\n<p>Ocupaci\u00f3n<\/p>\n<\/td>\n<td width=\"84\">\n<p>A\u00f1os laborados en CONAFE<\/p>\n<\/td>\n<\/tr>\n<tr>\n<td width=\"92\">\n<p>Amaya<\/p>\n<\/td>\n<td width=\"50\">\n<p>21<\/p>\n<\/td>\n<td width=\"84\">\n<p>Hombre<\/p>\n<\/td>\n<td width=\"81\">\n<p>Oaxaca<\/p>\n<\/td>\n<td width=\"121\">\n<p>Bachillerato<\/p>\n<\/td>\n<td width=\"92\">\n<p>Capacitador Tutor<\/p>\n<\/td>\n<td width=\"84\">\n<p>3<\/p>\n<\/td>\n<\/tr>\n<tr>\n<td width=\"92\">\n<p>Eddy<\/p>\n<\/td>\n<td width=\"50\">\n<p>21<\/p>\n<\/td>\n<td width=\"84\">\n<p>Hombre\/ Zapoteco<\/p>\n<\/td>\n<td width=\"81\">\n<p>Oaxaca<\/p>\n<\/td>\n<td width=\"121\">\n<p>Licenciatura<\/p>\n<\/td>\n<td width=\"92\">\n<p>Labores agr\u00edcolas<\/p>\n<\/td>\n<td width=\"84\">\n<p>1<\/p>\n<\/td>\n<\/tr>\n<tr>\n<td width=\"92\">\n<p>Octavio<\/p>\n<\/td>\n<td width=\"50\">\n<p>31<\/p>\n<\/td>\n<td width=\"84\">\n<p>Hombre\/ Popoluca<\/p>\n<\/td>\n<td width=\"81\">\n<p>Veracruz<\/p>\n<\/td>\n<td width=\"121\">\n<p>Licenciado en Inform\u00e1tica<\/p>\n<\/td>\n<td width=\"92\">\n<p>Asistente Educativo<\/p>\n<\/td>\n<td width=\"84\">\n<p>9<\/p>\n<\/td>\n<\/tr>\n<tr>\n<td width=\"92\">\n<p>Teo<\/p>\n<\/td>\n<td width=\"50\">\n<p>23<\/p>\n<\/td>\n<td width=\"84\">\n<p>Hombre\/ Ayuuk<\/p>\n<\/td>\n<td width=\"81\">\n<p>Oaxaca<\/p>\n<\/td>\n<td width=\"121\">\n<p>Maestr\u00eda en Educaci\u00f3n<\/p>\n<\/td>\n<td width=\"92\">\n<p>Estudiante<\/p>\n<\/td>\n<td width=\"84\">\n<p>2<\/p>\n<\/td>\n<\/tr>\n<tr>\n<td width=\"92\">\n<p>Rosal\u00eda<\/p>\n<\/td>\n<td width=\"50\">\n<p>23<\/p>\n<\/td>\n<td width=\"84\">\n<p>Mujer\/ Popoluca<\/p>\n<\/td>\n<td width=\"81\">\n<p>Veracruz<\/p>\n<\/td>\n<td width=\"121\">\n<p>Bachillerato<\/p>\n<\/td>\n<td width=\"92\">\n<p>Estudiante<\/p>\n<\/td>\n<td width=\"84\">\n<p>3<\/p>\n<\/td>\n<\/tr>\n<tr>\n<td width=\"92\">\n<p>Gary<\/p>\n<\/td>\n<td width=\"50\">\n<p>42<\/p>\n<\/td>\n<td width=\"84\">\n<p>Mujer<\/p>\n<\/td>\n<td width=\"81\">\n<p>San Luis Potos\u00ed<\/p>\n<\/td>\n<td width=\"121\">\n<p>Ingenier\u00eda Industrial<\/p>\n<\/td>\n<td width=\"92\">\n<p>Seguridad Industrial<\/p>\n<\/td>\n<td width=\"84\">\n<p>2<\/p>\n<\/td>\n<\/tr>\n<tr>\n<td width=\"92\">\n<p>Tony<\/p>\n<\/td>\n<td width=\"50\">\n<p>23<\/p>\n<\/td>\n<td width=\"84\">\n<p>Hombre\/ Zapoteco<\/p>\n<\/td>\n<td width=\"81\">\n<p>Oaxaca<\/p>\n<\/td>\n<td width=\"121\">\n<p>Licenciatura en Leyes<\/p>\n<\/td>\n<td width=\"92\">\n<p>Estudiante<\/p>\n<\/td>\n<td width=\"84\">\n<p>5<\/p>\n<\/td>\n<\/tr>\n<tr>\n<td width=\"92\">\n<p>Ashley<\/p>\n<\/td>\n<td width=\"50\">\n<p>20<\/p>\n<\/td>\n<td width=\"84\">\n<p>Mujer\/ Ayuuk<\/p>\n<\/td>\n<td width=\"81\">\n<p>Oaxaca<\/p>\n<\/td>\n<td width=\"121\">\n<p>Bachillerato<\/p>\n<\/td>\n<td width=\"92\">\n<p>Estudiante<\/p>\n<\/td>\n<td width=\"84\">\n<p>2<\/p>\n<\/td>\n<\/tr>\n<tr>\n<td width=\"92\">\n<p>Gina<\/p>\n<\/td>\n<td width=\"50\">\n<p>43<\/p>\n<\/td>\n<td width=\"84\">\n<p>Mujer<\/p>\n<\/td>\n<td width=\"81\">\n<p>San Luis Potos\u00ed<\/p>\n<\/td>\n<td width=\"121\">\n<p>Licenciada en Biblioteconom\u00eda<\/p>\n<\/td>\n<td width=\"92\">\n<p>Ama de casa<\/p>\n<\/td>\n<td width=\"84\">\n<p>3<\/p>\n<\/td>\n<\/tr>\n<tr>\n<td width=\"92\">\n<p>Impredecible<\/p>\n<\/td>\n<td width=\"50\">\n<p>41<\/p>\n<\/td>\n<td width=\"84\">\n<p>Hombre<\/p>\n<\/td>\n<td width=\"81\">\n<p>San Luis Potos\u00ed<\/p>\n<\/td>\n<td width=\"121\">\n<p>Doctorante en Educaci\u00f3n<\/p>\n<\/td>\n<td width=\"92\">\n<p>Docente de bachillerato<\/p>\n<\/td>\n<td width=\"84\">\n<p>3<\/p>\n<\/td>\n<\/tr>\n<\/tbody>\n<\/table>\n<p><em>Fuente: Elaboraci\u00f3n propia.<\/em><\/p>\n<p>Como puede observase en la Tabla 1, los entrevistados tienen en la actualidad entre 20 y 43 a\u00f1os de edad. El estudio hablar\u00e1 de \u201cj\u00f3venes\u201d ya que todos ellos lo eran cuando fungieron como figuras educativas en el CONAFE. El t\u00e9rmino \u201cjuventud\u201d es una categor\u00eda social construida culturalmente y en M\u00e9xico la Ley del Instituto Mexicano de la Juventud la define como \u201cla poblaci\u00f3n cuya edad quede comprendida entre los 12 y los 29 a\u00f1os\u201d (Diario Oficial de la Federaci\u00f3n, 6 de enero de 1999).<\/p>\n<p>Los guiones de entrevistas fueron dise\u00f1ados a partir de cuatro ejes, los cuales configuran las categor\u00edas de an\u00e1lisis: 1. Conocimientos, experiencias y valores que les dej\u00f3 al haber sido figuras educativas rurales; 2. Influencia de sus a\u00f1os de servicio como figuras educativas en su vida; 3. Retos y logros durante sus a\u00f1os de servicio; y 4. Recomendaciones hacia las actuales figuras y funcionarios del CONAFE.<\/p>\n<p>Durante el procesamiento de los datos se preservaron el anonimato y la identidad de los sujetos que participaron, asegurando la confidencialidad de sus respuestas. \u00a0<\/p>\n<h4><strong>Resultados<\/strong><\/h4>\n<p>Los resultados del estudio se presentan a continuaci\u00f3n organizados en las cuatro categor\u00edas de an\u00e1lisis mencionadas en el apartado metodol\u00f3gico. Entre par\u00e9ntesis se coloca el alias que cada entrevistado eligi\u00f3 a fin de mantener su anonimato.<\/p>\n<h6><em>Conocimientos, experiencias y valores <\/em><\/h6>\n<p>El modelo de educaci\u00f3n comunitaria del CONAFE est\u00e1 pensado para que los j\u00f3venes colaboren uno o dos a\u00f1os a fin de recibir dos o cinco a\u00f1os de beca, respectivamente. Sin embargo, esta trayectoria no ha sido seguida por una parte relevante de los entrevistados (ver Tabla 1). De esta manera, localizamos un caso en el cual ha trabajado en CONAFE durante nueve a\u00f1os seguidos, combinando al mismo tiempo el trabajo y los estudios, y recibiendo apoyos econ\u00f3micos para ambas actividades. O j\u00f3venes que laboraron un a\u00f1o, estudiaron en bachillerato becados y volvieron al Consejo un par de a\u00f1os m\u00e1s para obtener la beca de cinco a\u00f1os que les permiti\u00f3 seguir sus estudios profesionales. De esta manera los procesos de vida juveniles y estudiantiles se \u201ccruzan\u201d con CONAFE a trav\u00e9s de trayectorias reales y no en las \u201cideales\u201d planteadas en las reglas de operaci\u00f3n del programa.<\/p>\n<p>La principal raz\u00f3n por la cual seis de los diez entrevistados eligieron trabajar en CONAFE fue el est\u00edmulo econ\u00f3mico que recibieron una vez que culminaron su servicio social. El monto de esta beca es peque\u00f1o<a href=\"#_ftn3\" name=\"_ftnref3\">[3]<\/a>, pero significativo para sus condiciones personales: \u201cSi no hubiera sido por la beca de CONAFE no hubiera podido estudiar mi licenciatura\u201d (Impredecible).<\/p>\n<p>As\u00ed, j\u00f3venes de escasos recursos continuaron sus estudios m\u00e1s all\u00e1 de los a\u00f1os \u201ct\u00edpicos\u201d para hombres y mujeres de su tiempo y condici\u00f3n social (D\u00e1vila &amp; Ghiardo, 2018). Es significativo que dos de los diez entrevistados realizan estudios de posgrado.<\/p>\n<p>Otro motivo expresado tuvo que ver por anhelos de independencia canalizados al exterior de sus hogares: \u201cDeseaba querer conocer otros contextos\u201d (Teo). Tambi\u00e9n se\u00f1alaron como principal motivaci\u00f3n para enrolase en CONAFE un sentido social: \u201cDeseaba llevar la educaci\u00f3n a ni\u00f1os que viven en comunidades alejadas\u201d (Rosal\u00eda). De esta manera, la experiencia educativa en CONAFE fue un componente relevante en las trayectorias de los j\u00f3venes, aportando posibilidades de concreci\u00f3n a sus intereses, aspiraciones y expectativas personales (D\u00e1vila &amp; Ghiardo, 2018).<\/p>\n<p>En relaci\u00f3n a los principales conocimientos que dej\u00f3 a los entrevistados laborar en CONAFE, identificaron aspectos que atravesaron aspectos personales, como vivir en comunidades marginadas, saberse expresar en p\u00fablico, convivir con ni\u00f1os (\u201cYa no hab\u00eda tratado con ni\u00f1os, desde que yo era ni\u00f1o\u201d se\u00f1al\u00f3 Amaya); educativos, tales como aprender t\u00e9cnicas de ense\u00f1anza, comprender que no todos los alumnos cuentan con los mismos recursos, centrarse en las necesidades de los estudiantes; y sociales: entender las diferencias entre personas; fortalecer sus procesos de sociabilidad y comunicaci\u00f3n.<\/p>\n<p>Los conocimientos y habilidades personales que desarrollaron en materia educativa fueron \u00fatiles en su vida adulta: \u201cEn CONAFE aprend\u00ed t\u00e9cnicas de ense\u00f1anza, y ahora como madre las aplico con mis hijos\u201d (Gary).<\/p>\n<p>Con respecto a las principales experiencias que les dej\u00f3 el haber trabajado en el Consejo manifestaron las relaciones con sus pares y las amistades creadas:<\/p>\n<blockquote>\n<p>El compa\u00f1erismo durante los a\u00f1os de servicio con los colegas se convirti\u00f3 en hermandad (Gary).<\/p>\n<p>Despu\u00e9s de 25 a\u00f1os de haber sido Instructor de CONAFE a\u00fan mantengo amistades de esos a\u00f1os (Impredecible).<\/p>\n<\/blockquote>\n<p>Se mencion\u00f3 como experiencia relevante el haber radicado en poblaciones marginadas y sin acceso a varios servicios p\u00fablicos, como transporte, carreteras, electricidad, agua entubada, drenaje y servicios de salud. Tal experiencia los ayud\u00f3 a valorar lo que dispon\u00edan en sus propios hogares, incluso proviniendo ellos de otras localidades rurales de mayor tama\u00f1o.<\/p>\n<p>Varios testimonios abordaron cuestiones relacionadas con el tema de la edad. A diferencia de los docentes profesionales, quienes se integran al trabajo escolar una vez culminados sus estudios universitarios, la mayor\u00eda de las figuras de CONAFE realizan su servicio social entre los 18 y 21 a\u00f1os (L\u00f3pez, 2019, p. 156). Ello se ve reflejado en los siguientes testimonios:<\/p>\n<blockquote>\n<p>Tuve a mi cargo como CT a personas de mayor edad que la m\u00eda. Yo ten\u00eda 21 a\u00f1os y hab\u00eda LEC de secundaria en mi grupo que ten\u00edan 29 a\u00f1os. Fue un reto mostrar que, a pesar de mi edad, pod\u00eda apoyarlos pues tengo mayor experiencia en CONAFE (Amaya).<\/p>\n<p>A los 18 a\u00f1os trabaj\u00e9 por primera vez en CONAFE. As\u00ed me independic\u00e9, logr\u00e9 salir de mi casa (\u2026). Te das cuenta que a los 18 a\u00f1os nada te detiene, de repente ya est\u00e1s fuera de la casa tomando decisiones importantes (\u2026). Aprend\u00ed a valorar las cosas con las que contaba en mi hogar, ya que me di cuenta que en las comunidades rurales tienen muchas carencias materiales (Gary).<\/p>\n<p>Una de mis mayores experiencias fue realizar asambleas con los padres de familia. A mis 23 a\u00f1os de edad los se\u00f1ores y se\u00f1oras me respetaban mucho (Tony).<\/p>\n<\/blockquote>\n<p>Adem\u00e1s, destacaron los pros y contras de la cuesti\u00f3n etaria de las figuras educativas:<\/p>\n<blockquote>\n<p>Los estudiantes de secundaria no buscan un maestro, sino un amigo y yo acabo de pasar por mi adolescencia, por lo que los comprendo (\u2026). Pero tambi\u00e9n hay L\u00edderes que son adolescentes y les falta responsabilidad, los mayores de 25 a\u00f1os ya tienen m\u00e1s claro lo que desean (Amaya).<\/p>\n<p>Trat\u00e9 de hacer mi trabajo en CONAFE lo mejor que pude, pero ten\u00eda 15 a\u00f1os. Con la inmadurez de esa etapa ahora me doy cuenta que no siempre tom\u00e9 las mejores decisiones en la escuela (Impredecible).<\/p>\n<\/blockquote>\n<p>Los valores que los entrevistados se\u00f1alaron que se fortalecieron durante sus a\u00f1os de servicio se encuentran la honestidad, responsabilidad, \u00e9tica profesional, empat\u00eda, tolerancia, trabajar en equipo y la solidaridad, al realizar acciones sin esperar nada a cambio.<\/p>\n<h6><em>Influencia en su vida<\/em><\/h6>\n<p>Acerca de c\u00f3mo influy\u00f3 CONAFE en el \u00e1mbito personal, una constante en los testimonios es la madurez y autonom\u00eda que obtuvieron durante sus a\u00f1os de servicio:<\/p>\n<blockquote>\n<p>De repente, pasas de ser estudiante de bachillerato a ser responsable de un grupo de ni\u00f1os. Cuando tomas decisiones tomas en cuenta a todos, no s\u00f3lo a ti. Eso lo aprend\u00ed en CONAFE y ahora lo aplico con mi familia (Amaya).<\/p>\n<p>Pude ayudar, contribuir en una comunidad tan peque\u00f1a donde trabajaba. Ten\u00eda 14 a\u00f1os y la gente de la comunidad ya me ped\u00eda opiniones de todo. Opinaba hasta de la educaci\u00f3n de los hijos de los padres de familia. La gente te respeta y tus opiniones son importantes. Te das cuenta que tus pocos conocimientos son valiosos en las comunidades (Gina).<\/p>\n<p>Aprend\u00ed a ser m\u00e1s independiente, a solucionar problemas pues como maestra multigrado est\u00e1s sola en la comunidad. Los temas educativos los debes resolver tu sola (Rosal\u00eda).<\/p>\n<p>El haber trabajado en CONAFE nos vuelve personas m\u00e1s aut\u00f3nomas en la toma de decisiones, a ser humildes, emp\u00e1ticos y solidarios. Te vuelves m\u00e1s sociable, m\u00e1s dispuesto a trabajar con otras personas (Tony).<\/p>\n<p>Me siento m\u00e1s abierta, antes era muy cerrada. Ten\u00eda miedo para platicar, a expresarme con otras personas (Ashley).<\/p>\n<\/blockquote>\n<p>De forma similar al estudio realizado por Messina (2019) con figuras educativas en activo del Consejo, encontramos que la experiencia de los j\u00f3venes les ha ayudado a reconocer qui\u00e9nes son por su valor para servir a otros, adem\u00e1s que el haber laborado en CONAFE ha modificado el destino social asignado a ellos por las estructuras sociales. Es una experiencia transformadora.<\/p>\n<p>Los testimonios dan cuenta del papel que tuvo en sus vidas trabajar en esta instituci\u00f3n educativa aport\u00e1ndoles un contexto socializante. Adem\u00e1s, laborar en CONAFE influy\u00f3 en sus trayectorias, espec\u00edficamente en sus procesos personales de autonom\u00eda y emancipaci\u00f3n familiar, elementos centrales para entender la etapa de la juventud (Collazo, 2015).<\/p>\n<p>Tambi\u00e9n en las entrevistas se destacaron los aprendizajes que en el \u00e1mbito de conciencia social obtuvieron en CONAFE:<\/p>\n<blockquote>\n<p>Aprend\u00ed a conocer a la gente de las comunidades marginadas (Eddy).<\/p>\n<p>Aprend\u00ed a darme cuenta de las necesidades de las personas en las comunidades rurales y de mis propias carencias (\u2026) La gente de las comunidades es tan noble que te ofrece lo poco que tiene (Impredecible).<\/p>\n<\/blockquote>\n<p>El participar como figuras educativas tambi\u00e9n impact\u00f3 en su vida laboral, una vez que culminaron su servicio en CONAFE, tal como se muestra en los siguientes testimonios:<\/p>\n<blockquote>\n<p>Estudi\u00e9 la Licenciatura en Inform\u00e1tica por lo cual relacion\u00e9 lo educativo que aprend\u00ed en CONAFE con las TIC [Tecnolog\u00edas de la Informaci\u00f3n y Comunicaci\u00f3n] (Octavio).<\/p>\n<p>A pesar de mi edad [21 a\u00f1os] me abrieron las puertas para dar clases de inform\u00e1tica en una escuela secundaria, porque ya ten\u00eda experiencia en la docencia (Amaya).<\/p>\n<p>Me interesa seguir form\u00e1ndome para comprender la situaci\u00f3n actual de las zonas rurales, por esto estudio ahora una Maestr\u00eda en Educaci\u00f3n (Teo).<\/p>\n<p>En mi trabajo actual imparto capacitaciones al personal de una empresa. Y aplico las etapas que aprend\u00ed en CONAFE: problematizamos, profundizamos y socializamos los temas (Gary).<\/p>\n<p>Gracias a CONAFE aprend\u00ed a dar m\u00e1s en mi trabajo de lo que marcaban mis funciones (Gina).<\/p>\n<\/blockquote>\n<p>Adem\u00e1s, se mencionaron impactos en su vida estudiantil:<\/p>\n<blockquote>\n<p>En la universidad los maestros nos reconocen que trabajamos en CONAFE. Somos personas participativas en las clases, sabemos exponer bien durante las clases cuando nos toca hacerlo (Tony).<\/p>\n<p>Como estudiante tendr\u00e9 m\u00e1s habilidades para trabajar con mis tareas. En CONAFE aprend\u00ed a investigar para preparar mis clases. Eso me servir\u00e1 como alumna (Ashley).<\/p>\n<p>En CONAFE debes hacer mucho con los pocos recursos que tienes. Y si no lo haces t\u00fa, nadie m\u00e1s lo har\u00e1. Eso me sirvi\u00f3 mucho en la universidad (Gina).<\/p>\n<p>Gracias a CONAFE aprend\u00ed a ser autodidacta. En las comunidades est\u00e1s solo y solo dependes de ti (Impredecible).<\/p>\n<\/blockquote>\n<p>De esta manera, los entrevistados articulan en sus trayectorias procesos de formaci\u00f3n, inserci\u00f3n profesional y emancipaci\u00f3n familiar. Adem\u00e1s, los testimonios dan cuenta de procesos que contradicen la estigmatizaci\u00f3n social de la juventud. Tal como se\u00f1alan Callejas y Pi\u00f1a (2005, pp. 65 y 66), las sociedades crean categor\u00edas,\u00a0<\/p>\n<blockquote>\n<p>(\u2026) construidas desde lo social colectivo a trav\u00e9s de las interacciones cotidianas, en las que se puede agrupar a las personas a trav\u00e9s de ciertos rasgos. La categorizaci\u00f3n tiene como fin delimitar y determinar qu\u00e9 es lo que se puede esperar de una persona inscrita en tal o cual categor\u00eda (\u2026). El estigma es una se\u00f1al o atributo que marca al portador como diferente a los dem\u00e1s, es un atributo desacreditador ante el prototipo de una cierta categor\u00eda.<\/p>\n<\/blockquote>\n<p>De esta manera, se tiene a estigmatizar a los j\u00f3venes en los discursos y medios de comunicaci\u00f3n al relacionar tal categor\u00eda con temas de violencia, criminalidad, conformismo. Incluso a definir a la juventud a partir de \u201clo que les falta\u201d, desde una perspectiva \u201cadultoc\u00e9ntrica\u201d, por lo que se les considera inseguros de s\u00ed mismos, en transici\u00f3n, no productivos, incompletos, desinteresados de lo que ocurre a su alrededor,\u00a0 rebeldes y como seres del futuro: \u201cEl pasado no le pertenece porque no estaba, el presente no le pertenece porque no est\u00e1 listo, y el futuro es un tiempo que no se vive, s\u00f3lo se sue\u00f1a, es un tiempo ut\u00f3pico. De esta forma quedan eliminados del hoy\u201d (Gamoneda, 2010, p. 15). Las entrevistas realizadas dan cuenta de procesos y trayectorias desarrollados por j\u00f3venes alejados de tales estigmas.<\/p>\n<h6><em>Retos y logros <\/em><\/h6>\n<p>Hasta el a\u00f1o 2016 CONAFE cont\u00f3 con una modalidad dirigida a la atenci\u00f3n espec\u00edfica hacia grupos ind\u00edgenas. Sin embargo, ello se ha dejado de lado a partir de ese a\u00f1o, ya que el Modelo ABCD no ha contemplado especificidades ling\u00fc\u00edsticas en m\u00e9todos y materiales. Uno de los retos mencionados por los j\u00f3venes entrevistados, fue trabajar en comunidades ind\u00edgenas sin contar con alg\u00fan modelo educativo que los apoyase. De esta manera, se muestran contradicciones del CONAFE, el cual afirma en documentos oficiales que atiende \u201cen forma destacada a la poblaci\u00f3n ind\u00edgena\u201d (DOF, 2019), pero que en los hechos desmantel\u00f3 la modalidad mediante la cual lo hac\u00eda.<\/p>\n<p>Otro reto se\u00f1alado fue laborar sin los suficientes recursos did\u00e1cticos y apoyos institucionales:<\/p>\n<blockquote>\n<p>Para llegar a las comunidades hab\u00eda que caminar 2 \u00f3 3 horas y en las escuelas no hab\u00edan suficientes materiales did\u00e1cticos ni insumos para elaborarlos y los pagos llegaban retrasados, deb\u00eda conseguir los recursos por mi cuenta para ir a las comunidades (Teo).<\/p>\n<p>El sistema de CONAFE est\u00e1 hecho para que las familias de las comunidades den la comida a los maestros. Eso era dif\u00edcil, pues depend\u00eda de la empat\u00eda con el maestro. Si no hab\u00eda empat\u00eda con alguna familia, te dejaban sin comer (Gary).<\/p>\n<\/blockquote>\n<p>Al respecto, Eddy se\u00f1al\u00f3: \u201cEn CONAFE aprend\u00ed a vivir con bajo presupuesto, a administrarme\u201d. Este aprendizaje personal est\u00e1 atravesado por carencias estructurales del sistema educativo mexicano, en el cual desde hace d\u00e9cadas, la precariedad es un sello distintivo de la educaci\u00f3n rural. Es decir, un fundamento de la equidad educativa (ofrecer m\u00e1s recursos a quienes menos tienen) aparece solo en los lineamientos y planes estatales, sin que a la fecha se hayan realizado acciones p\u00fablicas integrales y estructuradas para cumplirlo, tal como se documenta de manera detallada en la Evaluaci\u00f3n Nacional Multigrado elaborada por la Red Tem\u00e1tica de Investigaci\u00f3n de Educaci\u00f3n Rural a solicitud y en colaboraci\u00f3n con el Instituto Nacional de Evaluaci\u00f3n de la Educaci\u00f3n (INEE, 2018).<\/p>\n<p>Otro aspecto coincidente con tal Evaluaci\u00f3n fue la violencia de g\u00e9nero que vivieron algunas mujeres durante su servicio social: \u201cSufr\u00ed acoso en la comunidad y a ello se enfrentar\u00e1n muchas mujeres en CONAFE. La maestra est\u00e1 sola, es joven y est\u00e1 sola en la comunidad. Es presa f\u00e1cil\u201d (Gary).<\/p>\n<p>En relaci\u00f3n a los logros obtenidos durante sus a\u00f1os de servicio, mencionaron temas educativos (ense\u00f1ar a leer y escribir a ni\u00f1os y adultos; lograr que ni\u00f1os con dificultades alcanzaran ciertos aprendizajes) y personales (aprender de otras culturas;).<\/p>\n<p>El siguiente testimonio destaca un aspecto interesante:<\/p>\n<blockquote>\n<p>De repente a los 18 a\u00f1os no solo dabas clases, sino que organizabas festivales: el desfile del 16 de septiembre [se refiere a la conmemoraci\u00f3n de la Independencia del pa\u00eds], del 20 de noviembre [aniversario de la Revoluci\u00f3n Mexicana], el concurso de altares [d\u00eda de muertos], el festejo del 10 de mayo [d\u00eda de las madres]. Incluso hicimos un festival entre varias escuelas. Implic\u00f3 llevar a los ni\u00f1os a la cabecera municipal. Y era tanta la marginaci\u00f3n de sus comunidades, que para muchos ni\u00f1os era la primera vez en sus vidas que iban a ese lugar. Fue muy satisfactorio (Gary).<\/p>\n<\/blockquote>\n<p>En las entrevistas identificamos que las experiencias en CONAFE constituyeron para los j\u00f3venes lo que Di Leo &amp; Camaroti (2017, p. 1027), llaman nodos biogr\u00e1ficos, es decir \u201c(\u2026) puntos nodales en los que confluyen m\u00faltiples conexiones entre las dimensiones personales, vinculares y estructurales, constitutivas de los procesos de individuaci\u00f3n de las y los j\u00f3venes\u201d.<\/p>\n<h6><em>Recomendaciones<\/em><\/h6>\n<p>Con respecto a las recomendaciones que dar\u00edan a partir de su experiencia a las actuales figuras educativas del CONAFE, varios testimonios se enfocaron en las dificultades que enfrentar\u00e1n en la vida y trabajo en las poblaciones:<\/p>\n<blockquote>\n<p>Que no se desanimen por llegar a llegar a comunidades marginadas, sin comunicaciones ni transportes. Aprender\u00e1n a independizarse (Teo).<\/p>\n<p>Que sepan que no ser\u00e1 una tarea f\u00e1cil, es necesario entregarse al trabajo durante un a\u00f1o. A cambio conseguir\u00e1n una nueva familia, pues en las comunidades te har\u00e1n sentir eso (Amaya).<\/p>\n<p>CONAFE no es un empleo, es un trabajo social. No entren a CONAFE por el pago, sino que ayudar a la gente te dejar\u00e1 muchos valores y experiencias (Gina).<\/p>\n<p>En CONAFE conocer\u00e1n las realidades de las comunidades rurales. Despu\u00e9s de esa experiencia, sabremos de lo que hablamos, pues habremos vivido en las localidades. Lo que mucha otra gente no hace (Impredecible).<\/p>\n<\/blockquote>\n<p>En relaci\u00f3n a las sugerencias que dar\u00edan a partir de su experiencia a las actuales\u00a0 autoridades del CONAFE, una constante fue el incrementar los apoyos en recursos materiales y econ\u00f3micos que ofrece la instituci\u00f3n:<\/p>\n<blockquote>\n<p>Los recursos que dan no alcanzan ni para ir a visitar las escuelas, adem\u00e1s los pagos llegan a destiempo (Amaya).<\/p>\n<p>El CONAFE debe invertir m\u00e1s en las escuelas rurales, hay muchas necesidades y es donde se ha invertido menos, que incrementen el monto de las becas y que tomen decisiones justificadas en investigaciones (Teo).<\/p>\n<p>Los materiales que nos daban en CONAFE eran de muy mala calidad. Las mochilas duraban tres d\u00edas, las l\u00e1mparas dos horas (Gary).<\/p>\n<p>Los materiales que dan para la escuela no eran suficientes para todo el ciclo escolar. Para diciembre ya se hab\u00edan terminado y ten\u00edamos que conseguir materiales en las comunidades (Ashley).<\/p>\n<\/blockquote>\n<p>Cuando se les consult\u00f3 a los entrevistados sobre su percepci\u00f3n sobre la calidad de los servicios que oferta el Consejo, consideraron que son de buena calidad pero destacaron los elementos que podr\u00edan fortalecerlos:<\/p>\n<blockquote>\n<p>La calidad no se cumple al 100% pues se requiere m\u00e1s infraestructura, materiales did\u00e1ctico, equipamiento en las escuelas y una mejor formaci\u00f3n de los L\u00edderes (Teo).<\/p>\n<p>La preparaci\u00f3n de los LEC es escasa. Falta que CONAFE aporte estrategias para trabajar con grupos multigrado. El Modelo ABCD es dif\u00edcil de entender y el tiempo que te dan para formarte no es suficiente (Tony).<\/p>\n<\/blockquote>\n<p>Los testimonios dan pistas tanto de contradicciones y posibilidades del CONAFE, como cambios a nivel personal. A nivel institucional, identificamos que las entrevistas refuerzan lo mencionado por Urrutia (2014) e INEE (2018), donde se documenta que desde hace m\u00e1s de una d\u00e9cada, el presupuesto asignado a CONAFE ha disminuido en t\u00e9rminos reales, en contrasentido de las palabras oficiales. Es decir, mientras las autoridades afirman en discursos, documentos y entrevistas que los apoyos dirigidos a la educaci\u00f3n rural y multigrado se han incrementado, los hechos muestran que los recursos presupuestales dirigidos a esa poblaci\u00f3n escolar han ido consistentemente a la baja.<\/p>\n<p>Tambi\u00e9n mencionaron que los materiales dise\u00f1ados para trabajar con los alumnos (espec\u00edficamente las Unidades Aut\u00f3nomas de Aprendizaje- UAA), son pertinentes para laborar con estudiantes de nivel primaria alta (4\u00ba a 6\u00ba grados) y secundaria, pero poco \u00fatiles para estudiantes de preescolar y de los primeros a\u00f1os de primaria, quienes a\u00fan no desarrollan las habilidades y conocimientos para trabajar de forma totalmente aut\u00f3noma en las aulas. Esta falta de pertinencia de las UAA es coincidente con los resultados de\u00a0 una evaluaci\u00f3n nacional sobre los programas multigrado en M\u00e9xico (INEE, 2018). Al respecto, Rosal\u00eda se\u00f1al\u00f3 lo siguiente \u201cTrabaj\u00e9 en preescolar y para m\u00ed fue un logro que los ni\u00f1os obtuvieran aprendizajes con materiales que est\u00e1n pensados para alumnos de secundaria. Tuve que adaptar las UAA, conoc\u00eda la forma de aprender de los ni\u00f1os y los adaptaba\u201d. Tony coincidi\u00f3 al respecto: \u201cEl Modelo ABCD no es pertinente para las comunidades rurales\u201d.<\/p>\n<p>Adem\u00e1s, tal como se ha se\u00f1alado l\u00edneas arriba, uno de los principales retos que enfrentaron los j\u00f3venes fue atender de manera pertinente y contextualizada a los estudiantes ind\u00edgenas, ya que CONAFE desapareci\u00f3 el modelo espec\u00edfico para ello desde el a\u00f1o 2016.<\/p>\n<p>Una posibilidad mostrada en las experiencias de vida de los j\u00f3venes, es el que alguna instituci\u00f3n formadora de docentes valide sus conocimientos, habilidades y experiencias obtenidas durante sus a\u00f1os de trabajo en el CONAFE. De esta manera, quienes deseen seguir la carrera magisterial podr\u00edan incursionar el programas educativos <em>ad hoc<\/em> y adaptados a sus circunstancias de vida. En M\u00e9xico existen, al menos, dos programas universitarios con tales caracter\u00edsticas, pero parecer\u00edan ser insuficientes para atender la dimensi\u00f3n y complejidad de los becarios CONAFE<a href=\"#_ftn4\" name=\"_ftnref4\">[4]<\/a>. La Tabla 1 muestra c\u00f3mo los j\u00f3venes encuentran vocaci\u00f3n a los a\u00f1os de servicio y se mantienen en el Consejo durante periodos amplios.<\/p>\n<h4><strong>Reflexiones finales<\/strong><\/h4>\n<p>El art\u00edculo incursiona en un tema poco explorado, relativo a los impactos que ha tenido en las trayectorias de vida de j\u00f3venes al haber participado como figuras educativas en el medio rural mexicano, sin ser docentes profesionales. Es decir, como una etapa en su crecimiento y madurez personal, la cual influy\u00f3 en procesos de varias dimensiones en sus vidas: familiares, personales, educativas, laborales. El CONAFE estableci\u00f3 un marco de referencia que otorg\u00f3 formas y significados distintivos en tales dimensiones.<\/p>\n<p>Los testimonios dan cuenta que la experiencia de trabajar en CONAFE deja en los j\u00f3venes\u00a0 huellas subjetivantes: \u201c(\u2026) en tanto les permiten pensarse, hacerse y ser j\u00f3venes. Frente a un contexto de vulnerabilidad social en el cual viven, la escuela se erige como un <em>nodo biogr\u00e1fico<\/em> por el cual encuentran sentido social a sus vidas en sus procesos de individuaci\u00f3n\u201d (Napoli y Richter, 2019, p. 1157).<\/p>\n<p>M\u00e1s all\u00e1 de la descripci\u00f3n individual de las ideas de las personas entrevistadas, es importante se\u00f1alar los procesos sociales que viven, que el laborar en el Consejo constituye un nodo biogr\u00e1fico en los j\u00f3venes ya que les permiti\u00f3 fortalecer sus v\u00ednculos comunitarios, con pares e institucionales (Di Leo &amp; Camarotti, 2017).<\/p>\n<p>De forma similar a un estudio realizado por la UNESCO (2016) con j\u00f3venes educadores comunitarios en Am\u00e9rica Latina, este art\u00edculo coloca una serie de testimonios de personas que han nacido en contextos de pobreza o marginaci\u00f3n social, y que vivieron cambios personales relevantes a partir de su trabajo en el CONAFE: por su inter\u00e9s por aprender, mediante el intercambio de saberes con los estudiantes de las escuelas comunitarias y con miembros de las localidades rurales, por su motivaci\u00f3n para vivir nuevas experiencias.<\/p>\n<p>Como hemos tratado de mostrar en el texto, las ideas de los j\u00f3venes remiten tanto a sus trayectorias, pero tambi\u00e9n aportan interesantes ideas para fortalecer los programas ofertados por CONAFE. Por lo cual, un tema futuro a explorar podr\u00eda ser el ampliar la poblaci\u00f3n participante en este tipo de estudios y focalizarla por niveles o modalidades: las m\u00faltiples experiencias de cientos de miles de personas que han colaborado en CONAFE durante sus casi 50 a\u00f1os de existencia, podr\u00edan ser un \u00a0insumo valioso para enriquecer los trabajos de una de las instituciones con mayor sentido social del gobierno mexicano.<\/p>\n<p>Un par de testimonios dan cuenta de la claridad de ideas que demuestran las ex figuras educativas del CONAFE y es con su voz como concluimos este art\u00edculo:<\/p>\n<p>\u00bfQu\u00e9 recomendar\u00eda a los LEC? Que sean abiertos. Que entiendan que no van a ense\u00f1ar sino que en las comunidades aprender\u00e1n valores, otras formas de ver el mundo, que deben ser respetuosos con las formas de vida que llevan en las comunidades, solidarios con las carencias y apoyar a solventarlas, deben ser un ejemplo, demostrar que son verdaderos maestros (Tony).<\/p>\n<p>El CONAFE es bueno pero es cruel. Los j\u00f3venes entregan el alma en su servicio y con tan poquito apoyo que les dan. No me imagino el potencial del joven si el CONAFE les diera m\u00e1s apoyos (Gary).<\/p>\n<p><a href=\"#_ftnref1\" name=\"_ftn1\">[1]<\/a> El Consejo tambi\u00e9n cuenta con un programa de Educaci\u00f3n Inicial, el cual trabaja a trav\u00e9s de madres de familia rurales, el cual no ser\u00e1 mencionado en el presente art\u00edculo ya que cuenta con caracter\u00edsticas distintas en su operaci\u00f3n.<\/p>\n<p><a href=\"#_ftnref2\" name=\"_ftn2\">[2]<\/a> Los L\u00edderes Educativos Comunitarios reciben el nombre oficial de figuras educativas. Sin embargo, a lo largo de este art\u00edculo los nombraremos tambi\u00e9n como docente (definido como \u201cquien ense\u00f1a\u201d, por parte de la Real Academia Espa\u00f1ola \u2013RAE. https:\/\/www.rae.es\/-) y como maestro (entendido como \u201cPersona\u00a0que\u00a0ense\u00f1a\u00a0una\u00a0ciencia,\u00a0arte\u00a0u\u00a0oficio\u201d de acuerdo a la RAE).<\/p>\n<p><a href=\"#_ftnref3\" name=\"_ftn3\">[3]<\/a> $1,200 pesos mexicanos (el equivalente a $53 USD) mensuales, durante tres a\u00f1os (en caso que hayan trabajado en CONAFE uno) o seis a\u00f1os (si participaron m\u00e1s de un ciclo escolar como figuras).<\/p>\n<p><a href=\"#_ftnref4\" name=\"_ftn4\">[4]<\/a> Nos referimos a los programas de licenciatura en Educaci\u00f3n y Desarrollo Comunitario ofrecida por la Universidad Pedag\u00f3gica Nacional del Estado de Chihuahua (http:\/\/www.upnech.edu.mx\/) y en Desarrollo Comunitario y Educaci\u00f3n Social del Centro Regional de Formaci\u00f3n Docente e Investigaci\u00f3n Educativa- CRESUR (http:\/\/cresur.edu.mx\/ ).<\/p>\n[\/et_pb_text][\/et_pb_column][\/et_pb_row][\/et_pb_section][et_pb_section fb_built=&#8221;1&#8243; _builder_version=&#8221;3.24&#8243; custom_padding=&#8221;0px||0px|||&#8221;][et_pb_row _builder_version=&#8221;3.25&#8243; custom_padding=&#8221;||0px|||&#8221;][et_pb_column type=&#8221;4_4&#8243; _builder_version=&#8221;3.25&#8243; custom_padding=&#8221;|||&#8221; custom_padding__hover=&#8221;|||&#8221;][et_pb_text admin_label=&#8221;Referencias bibliogr\u00e1ficas&#8221; _builder_version=&#8221;4.0.11&#8243; hover_enabled=&#8221;0&#8243;]\n<h3>Referencias bibliogr\u00e1ficas<\/h3>\n<ul>\n<li>Callejas Fonseca, L. y Pi\u00f1a Mendoza, C. (2005). La estigmatizaci\u00f3n social como factor fundamental de la discriminaci\u00f3n juvenil. <em>El Cotidiano<\/em>, 134, pp. 64-70.<\/li>\n<li>Collazo, M. (2015). <em>Trayectorias juveniles y autonom\u00eda: sentido pr\u00e1ctico y mecanismos de la mente de j\u00f3venes universitarios en el tr\u00e1nsito hacia la autonom\u00eda<\/em> [tesis no publicada para obtener la Licenciatura en Sociolog\u00eda]. Uruguay: Universidad de la Rep\u00fablica.<\/li>\n<li>D\u00e1vila Le\u00f3n, O., &amp; Ghiardo Soto, F. (2018). Trayectorias sociales como enfoque para analizar juventudes.\u00a0<em>\u00daltima d\u00e9cada<\/em>,\u00a0<em>26 <\/em>(50), 23-39.\u00a0<a href=\"https:\/\/dx.doi.org\/10.4067\/S0718-22362018000300023\">https:\/\/dx.doi.org\/10.4067\/S0718-22362018000300023<\/a>.<\/li>\n<li>Diario Oficial de la Federaci\u00f3n- DOF (2019, 29 de diciembre). <em>Acuerdo n\u00famero 35\/12\/19 por el que se emiten las Reglas de Operaci\u00f3n del Programa Educaci\u00f3n Inicial y B\u00e1sica Comunitaria para el ejercicio fiscal 2020<\/em>. M\u00e9xico.<\/li>\n<li>Di Leo, P. F. &amp; Camarotti, A. C. (2017). Relatos biogr\u00e1ficos y procesos de individuaci\u00f3n juveniles en barrios marginalizados de Argentina. <em>Revista Latinoamericana de Ciencias Sociales, Ni\u00f1ez y Juventud<\/em>, 15 (2), 1021-1034. DOI:10.11600\/1692715x.1521530082016.<\/li>\n<li>Gamoneda, A. (2010). El discurso estigmatizante. Una mirada sobre las representaciones acerca de la juventud de los sectores populares. <em>Memoria Acad\u00e9mica<\/em>. <em>VI Jornadas de Sociolog\u00eda de la UNLP.<\/em> La Plata, Argentina. http:\/\/www.memoria.fahce.unlp.edu.ar\/trab_eventos\/ev.5428\/ev.5428.pdf.<\/li>\n<li>Instituto Nacional de Evaluaci\u00f3n de la Educaci\u00f3n- INEE (2018). <em>Evaluaci\u00f3n de las intervenciones p\u00fablicas y programas de escuelas multigrado<\/em>. Reporte de Evaluaci\u00f3n. https:\/\/www.inee.edu.mx\/portalweb\/suplemento12\/evaluacion-intervenciones-y-programa-escuelas-multigrado.pdf.<\/li>\n<li>Ju\u00e1rez Bola\u00f1os, D. &amp; Lara Corro, E. (2018a). Habitar la escuela para transformarla. La participaci\u00f3n de las familias en las escuelas rurales multigrado de M\u00e9xico. En: Corr\u00eaa Werle, F., L\u00f3pez O. &amp; Nidia, A. (coords.). <em>Educa\u00e7\u00e3o rural na America Latina.<\/em> Brasil: Oikos, 169-179.<\/li>\n<\/ul>\n[\/et_pb_text][\/et_pb_column][\/et_pb_row][\/et_pb_section]\n","protected":false},"excerpt":{"rendered":"<p>[et_pb_section fb_built=&#8221;1&#8243; _builder_version=&#8221;3.24.1&#8243; custom_padding=&#8221;0px||0px|||&#8221; global_module=&#8221;278&#8243; saved_tabs=&#8221;all&#8221;][et_pb_row _builder_version=&#8221;4.0.9&#8243;][et_pb_column type=&#8221;4_4&#8243; _builder_version=&#8221;4.0.9&#8243;][et_pb_image src=&#8221;https:\/\/www.educaciondeadultosprocesosformativos.cl\/revista\/wp-content\/uploads\/2019\/12\/banner-1-1024&#215;384.jpg&#8221; _builder_version=&#8221;4.0.11&#8243;][\/et_pb_image][\/et_pb_column][\/et_pb_row][et_pb_row _builder_version=&#8221;4.0.11&#8243;][et_pb_column type=&#8221;4_4&#8243; _builder_version=&#8221;4.0.11&#8243;][\/et_pb_column][\/et_pb_row][\/et_pb_section][et_pb_section fb_built=&#8221;1&#8243; _builder_version=&#8221;3.24&#8243; custom_padding=&#8221;3px||1px|||&#8221;][et_pb_row _builder_version=&#8221;3.25&#8243; custom_padding=&#8221;||0px|||&#8221;][et_pb_column type=&#8221;4_4&#8243; _builder_version=&#8221;3.25&#8243; custom_padding=&#8221;|||&#8221; custom_padding__hover=&#8221;|||&#8221;][et_pb_text admin_label=&#8221;T\u00edtulo en espa\u00f1ol&#8221; _builder_version=&#8221;4.0.11&#8243; header_font=&#8221;||||||||&#8221; header_2_font=&#8221;||||||||&#8221; header_2_font_size=&#8221;33px&#8221; hover_enabled=&#8221;0&#8243;] \u00bfQu\u00e9 me dej\u00f3 ser maestro rural? Experiencias de j\u00f3venes en M\u00e9xico [\/et_pb_text][\/et_pb_column][\/et_pb_row][\/et_pb_section][et_pb_section fb_built=&#8221;1&#8243; _builder_version=&#8221;3.24&#8243; custom_padding=&#8221;3px||0px|||&#8221;][et_pb_row _builder_version=&#8221;3.25&#8243;][et_pb_column type=&#8221;4_4&#8243; _builder_version=&#8221;3.25&#8243; custom_padding=&#8221;|||&#8221; custom_padding__hover=&#8221;|||&#8221;][et_pb_text admin_label=&#8221;T\u00edtulo en ingl\u00e9s&#8221; _builder_version=&#8221;4.0.11&#8243; [&hellip;]<\/p>\n","protected":false},"author":1,"featured_media":0,"comment_status":"open","ping_status":"open","sticky":false,"template":"","format":"standard","meta":{"_et_pb_use_builder":"on","_et_pb_old_content":"","inline_featured_image":false,"footnotes":""},"categories":[80],"tags":[],"class_list":["post-768","post","type-post","status-publish","format-standard","hentry","category-numero-10-2020"],"_links":{"self":[{"href":"https:\/\/www.educaciondeadultosprocesosformativos.cl\/revista\/wp-json\/wp\/v2\/posts\/768","targetHints":{"allow":["GET"]}}],"collection":[{"href":"https:\/\/www.educaciondeadultosprocesosformativos.cl\/revista\/wp-json\/wp\/v2\/posts"}],"about":[{"href":"https:\/\/www.educaciondeadultosprocesosformativos.cl\/revista\/wp-json\/wp\/v2\/types\/post"}],"author":[{"embeddable":true,"href":"https:\/\/www.educaciondeadultosprocesosformativos.cl\/revista\/wp-json\/wp\/v2\/users\/1"}],"replies":[{"embeddable":true,"href":"https:\/\/www.educaciondeadultosprocesosformativos.cl\/revista\/wp-json\/wp\/v2\/comments?post=768"}],"version-history":[{"count":3,"href":"https:\/\/www.educaciondeadultosprocesosformativos.cl\/revista\/wp-json\/wp\/v2\/posts\/768\/revisions"}],"predecessor-version":[{"id":772,"href":"https:\/\/www.educaciondeadultosprocesosformativos.cl\/revista\/wp-json\/wp\/v2\/posts\/768\/revisions\/772"}],"wp:attachment":[{"href":"https:\/\/www.educaciondeadultosprocesosformativos.cl\/revista\/wp-json\/wp\/v2\/media?parent=768"}],"wp:term":[{"taxonomy":"category","embeddable":true,"href":"https:\/\/www.educaciondeadultosprocesosformativos.cl\/revista\/wp-json\/wp\/v2\/categories?post=768"},{"taxonomy":"post_tag","embeddable":true,"href":"https:\/\/www.educaciondeadultosprocesosformativos.cl\/revista\/wp-json\/wp\/v2\/tags?post=768"}],"curies":[{"name":"wp","href":"https:\/\/api.w.org\/{rel}","templated":true}]}}